{"id":291,"date":"2021-11-27T17:48:23","date_gmt":"2021-11-27T16:48:23","guid":{"rendered":"https:\/\/tv-hattenheim.de\/?p=291"},"modified":"2021-11-27T17:48:23","modified_gmt":"2021-11-27T16:48:23","slug":"lehrgang-brainfunc-rueckblick","status":"publish","type":"post","link":"https:\/\/tv-hattenheim.de\/index.php\/2021\/11\/27\/lehrgang-brainfunc-rueckblick\/","title":{"rendered":"Lehrgang BrainFUNc &#8211; R\u00fcckblick"},"content":{"rendered":"\n<p>Training f\u00fcr Kopf und K\u00f6rper &#8211; beim TV Hattenheim<\/p>\n\n\n\n<p>Am 21.11.2021 fand beim TV Hattenheim die j\u00e4hrliche \u00dcbungsleiterfortbildung f\u00fcr interne und externe \u00dcbungsleiter statt. Die Nachfrage war so gro\u00df, dass die Veranstaltung bereits einen Tag nach Anmeldebeginn ausgebucht war und wir auch Teilnehmer aus Wiesbaden und dem Taunus begr\u00fc\u00dfen konnten.<\/p>\n\n\n\n<figure class=\"wp-block-image size-large\"><img fetchpriority=\"high\" decoding=\"async\" width=\"768\" height=\"1024\" src=\"https:\/\/tv-hattenheim.de\/wp-content\/uploads\/2021\/11\/BrainFUNc_1-768x1024.jpg\" alt=\"\" class=\"wp-image-287\" srcset=\"https:\/\/tv-hattenheim.de\/wp-content\/uploads\/2021\/11\/BrainFUNc_1-768x1024.jpg 768w, https:\/\/tv-hattenheim.de\/wp-content\/uploads\/2021\/11\/BrainFUNc_1-225x300.jpg 225w, https:\/\/tv-hattenheim.de\/wp-content\/uploads\/2021\/11\/BrainFUNc_1-1152x1536.jpg 1152w, https:\/\/tv-hattenheim.de\/wp-content\/uploads\/2021\/11\/BrainFUNc_1-1536x2048.jpg 1536w, https:\/\/tv-hattenheim.de\/wp-content\/uploads\/2021\/11\/BrainFUNc_1-scaled.jpg 1920w\" sizes=\"(max-width: 768px) 100vw, 768px\" \/><\/figure>\n\n\n\n<figure class=\"wp-block-image size-large\"><img decoding=\"async\" width=\"1024\" height=\"768\" src=\"https:\/\/tv-hattenheim.de\/wp-content\/uploads\/2021\/11\/BrainFUNc_2-1024x768.jpg\" alt=\"\" class=\"wp-image-288\" srcset=\"https:\/\/tv-hattenheim.de\/wp-content\/uploads\/2021\/11\/BrainFUNc_2-1024x768.jpg 1024w, https:\/\/tv-hattenheim.de\/wp-content\/uploads\/2021\/11\/BrainFUNc_2-300x225.jpg 300w, https:\/\/tv-hattenheim.de\/wp-content\/uploads\/2021\/11\/BrainFUNc_2-768x576.jpg 768w, https:\/\/tv-hattenheim.de\/wp-content\/uploads\/2021\/11\/BrainFUNc_2-1536x1152.jpg 1536w, https:\/\/tv-hattenheim.de\/wp-content\/uploads\/2021\/11\/BrainFUNc_2-2048x1536.jpg 2048w\" sizes=\"(max-width: 1024px) 100vw, 1024px\" \/><\/figure>\n\n\n\n<p>Unter Einhaltung der 2G+ Regel haben 20 \u00dcbungsleiter und Trainer aus den verschiedensten Bereichen ihr Wissen in Sachen Gehirnjogging und Koordinationstraining aufgefrischt und vertieft.<\/p>\n\n\n\n<figure class=\"wp-block-image size-large\"><img decoding=\"async\" width=\"1024\" height=\"768\" src=\"https:\/\/tv-hattenheim.de\/wp-content\/uploads\/2021\/11\/BrainFUNc_3-1024x768.jpg\" alt=\"\" class=\"wp-image-289\" srcset=\"https:\/\/tv-hattenheim.de\/wp-content\/uploads\/2021\/11\/BrainFUNc_3-1024x768.jpg 1024w, https:\/\/tv-hattenheim.de\/wp-content\/uploads\/2021\/11\/BrainFUNc_3-300x225.jpg 300w, https:\/\/tv-hattenheim.de\/wp-content\/uploads\/2021\/11\/BrainFUNc_3-768x576.jpg 768w, https:\/\/tv-hattenheim.de\/wp-content\/uploads\/2021\/11\/BrainFUNc_3-1536x1152.jpg 1536w, https:\/\/tv-hattenheim.de\/wp-content\/uploads\/2021\/11\/BrainFUNc_3-2048x1536.jpg 2048w\" sizes=\"(max-width: 1024px) 100vw, 1024px\" \/><\/figure>\n\n\n\n<p>Die Diplom-Sportwissenschaftlerin Joanna Jensen vermittelte den anspruchsvollen Stoff professionell, sympathisch und\u00a0 nachvollziehbar, so dass die Teilnehmer vieles davon in ihren verschiedenen \u00dcbungsstunden umsetzen k\u00f6nnen.<\/p>\n\n\n\n<figure class=\"wp-block-image size-large\"><img loading=\"lazy\" decoding=\"async\" width=\"1024\" height=\"768\" src=\"https:\/\/tv-hattenheim.de\/wp-content\/uploads\/2021\/11\/BrainFUNc_4-1024x768.jpg\" alt=\"\" class=\"wp-image-290\" srcset=\"https:\/\/tv-hattenheim.de\/wp-content\/uploads\/2021\/11\/BrainFUNc_4-1024x768.jpg 1024w, https:\/\/tv-hattenheim.de\/wp-content\/uploads\/2021\/11\/BrainFUNc_4-300x225.jpg 300w, https:\/\/tv-hattenheim.de\/wp-content\/uploads\/2021\/11\/BrainFUNc_4-768x576.jpg 768w, https:\/\/tv-hattenheim.de\/wp-content\/uploads\/2021\/11\/BrainFUNc_4-1536x1152.jpg 1536w, https:\/\/tv-hattenheim.de\/wp-content\/uploads\/2021\/11\/BrainFUNc_4-2048x1536.jpg 2048w\" sizes=\"(max-width: 1024px) 100vw, 1024px\" \/><\/figure>\n","protected":false},"excerpt":{"rendered":"<p>Training f\u00fcr Kopf und K\u00f6rper &#8211; beim TV Hattenheim Am 21.11.2021 fand beim TV Hattenheim die j\u00e4hrliche \u00dcbungsleiterfortbildung f\u00fcr interne und externe \u00dcbungsleiter statt. Die Nachfrage war so gro\u00df, dass die Veranstaltung bereits einen Tag nach Anmeldebeginn ausgebucht war und wir auch Teilnehmer aus Wiesbaden und dem Taunus begr\u00fc\u00dfen konnten. Unter Einhaltung der 2G+ Regel [&hellip;]<\/p>\n","protected":false},"author":1,"featured_media":0,"comment_status":"open","ping_status":"open","sticky":false,"template":"","format":"standard","meta":{"site-sidebar-layout":"default","site-content-layout":"","ast-site-content-layout":"","site-content-style":"default","site-sidebar-style":"default","ast-global-header-display":"","ast-banner-title-visibility":"","ast-main-header-display":"","ast-hfb-above-header-display":"","ast-hfb-below-header-display":"","ast-hfb-mobile-header-display":"","site-post-title":"","ast-breadcrumbs-content":"","ast-featured-img":"","footer-sml-layout":"","theme-transparent-header-meta":"","adv-header-id-meta":"","stick-header-meta":"","header-above-stick-meta":"","header-main-stick-meta":"","header-below-stick-meta":"","astra-migrate-meta-layouts":"default","ast-page-background-enabled":"default","ast-page-background-meta":{"desktop":{"background-color":"","background-image":"","background-repeat":"repeat","background-position":"center center","background-size":"auto","background-attachment":"scroll","background-type":"","background-media":"","overlay-type":"","overlay-color":"","overlay-opacity":"","overlay-gradient":""},"tablet":{"background-color":"","background-image":"","background-repeat":"repeat","background-position":"center center","background-size":"auto","background-attachment":"scroll","background-type":"","background-media":"","overlay-type":"","overlay-color":"","overlay-opacity":"","overlay-gradient":""},"mobile":{"background-color":"","background-image":"","background-repeat":"repeat","background-position":"center center","background-size":"auto","background-attachment":"scroll","background-type":"","background-media":"","overlay-type":"","overlay-color":"","overlay-opacity":"","overlay-gradient":""}},"ast-content-background-meta":{"desktop":{"background-color":"var(--ast-global-color-5)","background-image":"","background-repeat":"repeat","background-position":"center center","background-size":"auto","background-attachment":"scroll","background-type":"","background-media":"","overlay-type":"","overlay-color":"","overlay-opacity":"","overlay-gradient":""},"tablet":{"background-color":"var(--ast-global-color-5)","background-image":"","background-repeat":"repeat","background-position":"center center","background-size":"auto","background-attachment":"scroll","background-type":"","background-media":"","overlay-type":"","overlay-color":"","overlay-opacity":"","overlay-gradient":""},"mobile":{"background-color":"var(--ast-global-color-5)","background-image":"","background-repeat":"repeat","background-position":"center center","background-size":"auto","background-attachment":"scroll","background-type":"","background-media":"","overlay-type":"","overlay-color":"","overlay-opacity":"","overlay-gradient":""}},"footnotes":""},"categories":[2],"tags":[],"class_list":["post-291","post","type-post","status-publish","format-standard","hentry","category-verein"],"_links":{"self":[{"href":"https:\/\/tv-hattenheim.de\/index.php\/wp-json\/wp\/v2\/posts\/291","targetHints":{"allow":["GET"]}}],"collection":[{"href":"https:\/\/tv-hattenheim.de\/index.php\/wp-json\/wp\/v2\/posts"}],"about":[{"href":"https:\/\/tv-hattenheim.de\/index.php\/wp-json\/wp\/v2\/types\/post"}],"author":[{"embeddable":true,"href":"https:\/\/tv-hattenheim.de\/index.php\/wp-json\/wp\/v2\/users\/1"}],"replies":[{"embeddable":true,"href":"https:\/\/tv-hattenheim.de\/index.php\/wp-json\/wp\/v2\/comments?post=291"}],"version-history":[{"count":1,"href":"https:\/\/tv-hattenheim.de\/index.php\/wp-json\/wp\/v2\/posts\/291\/revisions"}],"predecessor-version":[{"id":292,"href":"https:\/\/tv-hattenheim.de\/index.php\/wp-json\/wp\/v2\/posts\/291\/revisions\/292"}],"wp:attachment":[{"href":"https:\/\/tv-hattenheim.de\/index.php\/wp-json\/wp\/v2\/media?parent=291"}],"wp:term":[{"taxonomy":"category","embeddable":true,"href":"https:\/\/tv-hattenheim.de\/index.php\/wp-json\/wp\/v2\/categories?post=291"},{"taxonomy":"post_tag","embeddable":true,"href":"https:\/\/tv-hattenheim.de\/index.php\/wp-json\/wp\/v2\/tags?post=291"}],"curies":[{"name":"wp","href":"https:\/\/api.w.org\/{rel}","templated":true}]}}